{"id":802,"date":"2025-10-02T00:16:53","date_gmt":"2025-10-01T21:16:53","guid":{"rendered":"https:\/\/www.psichoterapijos-mokymas.lt\/grup\/?p=802"},"modified":"2025-10-02T20:32:57","modified_gmt":"2025-10-02T17:32:57","slug":"kvieciame-i-2026-m-sausi-prasidedancias-studijas","status":"publish","type":"post","link":"https:\/\/www.psichoterapijos-mokymas.lt\/grup\/2025\/10\/02\/kvieciame-i-2026-m-sausi-prasidedancias-studijas\/","title":{"rendered":"Kvie\u010diame \u012f 2026 m. saus\u012f prasidedan\u010dias studijas!"},"content":{"rendered":"\n<p>Prasideda pri\u0117mimas \u012f 2026 m. sausio 29 d. prasidedan\u010dias <a href=\"https:\/\/www.psichoterapijos-mokymas.lt\/grup\/programa\/\" title=\"PGT kursas\">Psichodinamin\u0117s grupi\u0173 psichoterapijos<\/a> (PGT) ir <a href=\"https:\/\/www.psichoterapijos-mokymas.lt\/grup\/org-kursas\/\" title=\"ORG kursas\">Darbo su suaugusi\u0173j\u0173 grup\u0117mis organizacijose<\/a> (ORG) studijas.<\/p>\n\n\n\n<p>\u0160iose studijose integraliai susisieja teorija, tarpasmeninis mokymasis ir asmeninis patyrimas. Raginame nepraleisti \u0161ios galimyb\u0117s ir<strong> kvie\u010diame teikti parai\u0161kas iki 2025 m. lapkri\u010dio 23 d.<\/strong><\/p>\n\n\n\n<p><\/p>\n\n\n\n<p>Kvietimus studijuoti rasite \u010dia:<\/p>\n\n\n\n<p class=\"has-medium-font-size\"><a href=\"https:\/\/www.psichoterapijos-mokymas.lt\/grup\/wp-content\/uploads\/2025\/10\/PGT-kvietimas-2025-platinimui.pdf\" title=\"PGT kvietimas 2025 platinimui\">Kvietimas \u012f PGT program\u0105<\/a><\/p>\n\n\n\n<p class=\"has-medium-font-size\"><a href=\"https:\/\/www.psichoterapijos-mokymas.lt\/grup\/wp-content\/uploads\/2025\/10\/ORG-kvietimas-2025-platinimui.pdf\" title=\"ORG kvietimas 2025 platinimui\">Kvietimas \u012f ORG program\u0105<\/a><\/p>\n\n\n\n<p><br><\/p>\n\n\n\n<p>Parai\u0161k\u0173 teikimo ir pri\u0117mimo \u012f studijas tvarkos apra\u0161ym\u0105 rasite \u0161ioje nuorodoje:<\/p>\n\n\n\n<p class=\"has-medium-font-size\"><a href=\"https:\/\/www.psichoterapijos-mokymas.lt\/grup\/norintiems-mokytis\/priemimo-tvarka\/\" title=\"Pri\u0117mimo tvarka\">Kaip teikti parai\u0161k\u0105?<\/a><\/p>\n\n\n\n<p><br><\/p>\n\n\n\n<p><\/p>\n\n\n\n<h2 class=\"wp-block-heading\">I\u0161girskite apie studijas i\u0161 pirm\u0173 l\u016bp\u0173!<\/h2>\n\n\n\n<p>I\u0161samiai apie studij\u0173 eig\u0105, turin\u012f ir kitus aspektus papasakosime virtuali\u0173 informacini\u0173 rengini\u0173 metu. Jie vyks nuotoliu 2025 m. spalio 27 d. 18:30 val. ir 2025 m. lapkri\u010dio 12 d. 12 val. Planuojama trukm\u0117 &#8211; apie 30 min.<\/p>\n\n\n\n<p>Abiejuose renginiuose bus pateikiama ta pati informacija, tad kvie\u010diame registruotis pasirenkant jums patogesn\u012f laik\u0105, kad gal\u0117tum\u0117te patogiai prisijungti ir u\u017eduoti visus kylan\u010dius klausimus.<\/p>\n\n\n\n<p class=\"has-medium-font-size\"><a href=\"https:\/\/docs.google.com\/forms\/d\/e\/1FAIpQLSe2Jt19XtciKZn2B36-BXA3OqjhkAmlSlkeO4nVyr3y1_nViw\/viewform?usp=header\" title=\"\">Registracija \u012f informacinius renginius<\/a><\/p>\n\n\n\n<p>Prisijungimo nuorod\u0105 u\u017esiregistravusiems atsi\u0173sime likus kelioms dienoms iki renginio.<\/p>\n\n\n\n<p><br><\/p>\n\n\n\n<p><\/p>\n\n\n\n<p>Kilus klausim\u0173 jau dabar, nedvejodami ra\u0161ykite el. pa\u0161to adresu psigrupterap@gmail.com.<\/p>\n\n\n\n<p>Informacij\u0105 telefonu teikia program\u0173 vadov\u0117 doc. dr. Rima Vili\u016bnien\u0117 (tel. +370 698 18961). <\/p>\n\n\n\n<p><\/p>\n","protected":false},"excerpt":{"rendered":"<p>Prasideda pri\u0117mimas \u012f 2026 m. sausio 29 d. prasidedan\u010dias Psichodinamin\u0117s grupi\u0173 psichoterapijos (PGT) ir Darbo su suaugusi\u0173j\u0173 grup\u0117mis organizacijose (ORG) studijas. \u0160iose studijose integraliai susisieja teorija, tarpasmeninis mokymasis ir asmeninis patyrimas. Raginame nepraleisti \u0161ios galimyb\u0117s ir kvie\u010diame teikti parai\u0161kas iki 2025 m. lapkri\u010dio 23 d. Kvietimus studijuoti rasite \u010dia: Kvietimas \u012f PGT program\u0105 Kvietimas \u012f<\/p>\n<p class=\"text-right\"><span class=\"screen-reader-text\">Skaityti toliau&#8230; Kvie\u010diame \u012f 2026 m. saus\u012f prasidedan\u010dias studijas!<\/span><a class=\"btn btn-secondary continue-reading\" href=\"https:\/\/www.psichoterapijos-mokymas.lt\/grup\/2025\/10\/02\/kvieciame-i-2026-m-sausi-prasidedancias-studijas\/\">Skaityti toliau&#8230;<\/a><\/p>\n","protected":false},"author":1,"featured_media":0,"comment_status":"closed","ping_status":"open","sticky":false,"template":"","format":"standard","meta":{"footnotes":""},"categories":[5],"tags":[],"class_list":["post-802","post","type-post","status-publish","format-standard","hentry","category-naujienos"],"aioseo_notices":[],"_links":{"self":[{"href":"https:\/\/www.psichoterapijos-mokymas.lt\/grup\/wp-json\/wp\/v2\/posts\/802","targetHints":{"allow":["GET"]}}],"collection":[{"href":"https:\/\/www.psichoterapijos-mokymas.lt\/grup\/wp-json\/wp\/v2\/posts"}],"about":[{"href":"https:\/\/www.psichoterapijos-mokymas.lt\/grup\/wp-json\/wp\/v2\/types\/post"}],"author":[{"embeddable":true,"href":"https:\/\/www.psichoterapijos-mokymas.lt\/grup\/wp-json\/wp\/v2\/users\/1"}],"replies":[{"embeddable":true,"href":"https:\/\/www.psichoterapijos-mokymas.lt\/grup\/wp-json\/wp\/v2\/comments?post=802"}],"version-history":[{"count":13,"href":"https:\/\/www.psichoterapijos-mokymas.lt\/grup\/wp-json\/wp\/v2\/posts\/802\/revisions"}],"predecessor-version":[{"id":853,"href":"https:\/\/www.psichoterapijos-mokymas.lt\/grup\/wp-json\/wp\/v2\/posts\/802\/revisions\/853"}],"wp:attachment":[{"href":"https:\/\/www.psichoterapijos-mokymas.lt\/grup\/wp-json\/wp\/v2\/media?parent=802"}],"wp:term":[{"taxonomy":"category","embeddable":true,"href":"https:\/\/www.psichoterapijos-mokymas.lt\/grup\/wp-json\/wp\/v2\/categories?post=802"},{"taxonomy":"post_tag","embeddable":true,"href":"https:\/\/www.psichoterapijos-mokymas.lt\/grup\/wp-json\/wp\/v2\/tags?post=802"}],"curies":[{"name":"wp","href":"https:\/\/api.w.org\/{rel}","templated":true}]}}