{"id":880,"date":"2025-10-22T20:58:51","date_gmt":"2025-10-22T17:58:51","guid":{"rendered":"https:\/\/www.psichoterapijos-mokymas.lt\/grup\/?p=880"},"modified":"2025-10-22T21:20:32","modified_gmt":"2025-10-22T18:20:32","slug":"ziurekite-mokymo-programu-pristatymo-irasa","status":"publish","type":"post","link":"https:\/\/www.psichoterapijos-mokymas.lt\/grup\/2025\/10\/22\/ziurekite-mokymo-programu-pristatymo-irasa\/","title":{"rendered":"Mokym\u0173 programas vaizdo \u012fra\u0161e pristato j\u0173 mokytojai. Kvie\u010diame \u017ei\u016br\u0117ti!"},"content":{"rendered":"\n<p>Vilniaus universiteto ir Lietuvos grupin\u0117s analiz\u0117s draugijos organizuojam\u0173 studij\u0173 \u201ePsichodinamin\u0117 grupin\u0117 psichoterapija\u201c (PGT) ir \u201eDarbas su suaugusi\u0173j\u0173 grup\u0117mis organizacijose\u201c (ORG) programas pokalbyje pristato programos d\u0117stytojai ir Mokymo komiteto nariai:<\/p>\n\n\n\n<ul class=\"wp-block-list\">\n<li>Birut\u0117 \u0160vedait\u0117-Sakalausk\u0117, grupi\u0173 psichoterapeut\u0117 ir grupi\u0173 analitik\u0117, PGT programos supervizor\u0117, teorijos d\u0117stytoja.<\/li>\n\n\n\n<li>Milda Autukait\u0117, organizacij\u0173 psicholog\u0117, organizacij\u0173 ir vadov\u0173 konsultant\u0117, ORG programos supervizor\u0117, teorijos d\u0117stytoja.<\/li>\n\n\n\n<li>Valentas Neviera, komunikacijos ir tvarumo specialistas, komand\u0173 vadovas, ORG programos supervizorius.<\/li>\n<\/ul>\n\n\n\n<figure class=\"wp-block-embed is-type-video is-provider-youtube wp-block-embed-youtube wp-embed-aspect-16-9 wp-has-aspect-ratio\"><div class=\"wp-block-embed__wrapper\">\n<iframe loading=\"lazy\" title=\"Grupin\u0117s psichoterapijos ir Darbo su grup\u0117mis organizacijose mokym\u0173 program\u0173 pristatymas 2025\" width=\"640\" height=\"360\" src=\"https:\/\/www.youtube.com\/embed\/C7j8wHMVvYo?feature=oembed\" frameborder=\"0\" allow=\"accelerometer; autoplay; clipboard-write; encrypted-media; gyroscope; picture-in-picture; web-share\" referrerpolicy=\"strict-origin-when-cross-origin\" allowfullscreen><\/iframe>\n<\/div><\/figure>\n\n\n\n<p>Pristatymo turinys:<\/p>\n\n\n\n<p>0:00 \u012e\u017eanga ir prisistatymas<br>02:35 Kas yra grupin\u0117 psichoterapija ir kuo ji skiriasi nuo individualios?<br>04:18 K\u0105 rei\u0161kia psichodinaminis po\u017ei\u016bris?<br>05:54 Trumpai apie mokymo program\u0173 i\u0161takas<br>07:20 Apie Psichodinamin\u0117s grupin\u0117s psichoterapijos program\u0105<br>14:41 Apie Darbo su suaugusi\u0173j\u0173 grup\u0117mis organizacijose program\u0105<br>29:32 Kod\u0117l reikia ateiti \u012f \u0161ias studijas?<br>31:32 Apibendrinimas ir atsisveikinimas<\/p>\n\n\n\n<p>Primename, kad pri\u0117mimas \u012f 2026 m. saus\u012f startuosian\u010dias studijas vyksta iki 2025 m. lapkri\u010dio 23 d.<br> <\/p>\n\n\n\n<h2 class=\"wp-block-heading\">I\u0161girskite apie studijas i\u0161 pirm\u0173j\u0173 l\u016bp\u0173!<\/h2>\n\n\n\n<p><br>I\u0161samiai apie studij\u0173 eig\u0105, turin\u012f ir kitus aspektus papasakosime virtuali\u0173 informacini\u0173 rengini\u0173 metu. Jie vyks nuotoliu 2025 m. spalio 27 d. 18:30 val. ir 2025 m. lapkri\u010dio 12 d. 12 val. Planuojama trukm\u0117 \u2013 apie 30 min.<\/p>\n\n\n\n<p>Abiejuose renginiuose bus pateikiama ta pati informacija, tad kvie\u010diame registruotis pasirenkant jums patogesn\u012f laik\u0105, kad gal\u0117tum\u0117te patogiai prisijungti ir u\u017eduoti visus kylan\u010dius klausimus.<\/p>\n\n\n\n<div class=\"wp-block-buttons is-layout-flex wp-block-buttons-is-layout-flex\">\n<div class=\"wp-block-button\"><a class=\"wp-block-button__link has-white-color has-text-color has-link-color wp-element-button\" href=\"https:\/\/docs.google.com\/forms\/d\/e\/1FAIpQLSe2Jt19XtciKZn2B36-BXA3OqjhkAmlSlkeO4nVyr3y1_nViw\/viewform?usp=header\">Registracija \u012f informacinius renginius<\/a><\/div>\n<\/div>\n\n\n\n<p><br>Prisijungimo nuorod\u0105 u\u017esiregistravusiems atsi\u0173sime likus kelioms dienoms iki renginio.<\/p>\n\n\n\n<p>Kilus klausim\u0173 jau dabar, nedvejodami ra\u0161ykite el. pa\u0161to adresu psigrupterap@gmail.com.<\/p>\n\n\n\n<p>Informacij\u0105 telefonu teikia program\u0173 vadov\u0117 doc. dr. Rima Vili\u016bnien\u0117 (tel. +370 698 18961).<\/p>\n\n\n\n<p><\/p>\n","protected":false},"excerpt":{"rendered":"<p>Vilniaus universiteto ir Lietuvos grupin\u0117s analiz\u0117s draugijos organizuojam\u0173 studij\u0173 \u201ePsichodinamin\u0117 grupin\u0117 psichoterapija\u201c (PGT) ir \u201eDarbas su suaugusi\u0173j\u0173 grup\u0117mis organizacijose\u201c (ORG) programas pokalbyje pristato programos d\u0117stytojai ir Mokymo komiteto nariai: Pristatymo turinys: 0:00 \u012e\u017eanga ir prisistatymas02:35 Kas yra grupin\u0117 psichoterapija ir kuo ji skiriasi nuo individualios?04:18 K\u0105 rei\u0161kia psichodinaminis po\u017ei\u016bris?05:54 Trumpai apie mokymo program\u0173 i\u0161takas07:20 Apie<\/p>\n<p class=\"text-right\"><span class=\"screen-reader-text\">Skaityti toliau&#8230; Mokym\u0173 programas vaizdo \u012fra\u0161e pristato j\u0173 mokytojai. Kvie\u010diame \u017ei\u016br\u0117ti!<\/span><a class=\"btn btn-secondary continue-reading\" href=\"https:\/\/www.psichoterapijos-mokymas.lt\/grup\/2025\/10\/22\/ziurekite-mokymo-programu-pristatymo-irasa\/\">Skaityti toliau&#8230;<\/a><\/p>\n","protected":false},"author":2,"featured_media":0,"comment_status":"closed","ping_status":"open","sticky":false,"template":"","format":"standard","meta":{"footnotes":""},"categories":[5],"tags":[],"class_list":["post-880","post","type-post","status-publish","format-standard","hentry","category-naujienos"],"aioseo_notices":[],"_links":{"self":[{"href":"https:\/\/www.psichoterapijos-mokymas.lt\/grup\/wp-json\/wp\/v2\/posts\/880","targetHints":{"allow":["GET"]}}],"collection":[{"href":"https:\/\/www.psichoterapijos-mokymas.lt\/grup\/wp-json\/wp\/v2\/posts"}],"about":[{"href":"https:\/\/www.psichoterapijos-mokymas.lt\/grup\/wp-json\/wp\/v2\/types\/post"}],"author":[{"embeddable":true,"href":"https:\/\/www.psichoterapijos-mokymas.lt\/grup\/wp-json\/wp\/v2\/users\/2"}],"replies":[{"embeddable":true,"href":"https:\/\/www.psichoterapijos-mokymas.lt\/grup\/wp-json\/wp\/v2\/comments?post=880"}],"version-history":[{"count":6,"href":"https:\/\/www.psichoterapijos-mokymas.lt\/grup\/wp-json\/wp\/v2\/posts\/880\/revisions"}],"predecessor-version":[{"id":890,"href":"https:\/\/www.psichoterapijos-mokymas.lt\/grup\/wp-json\/wp\/v2\/posts\/880\/revisions\/890"}],"wp:attachment":[{"href":"https:\/\/www.psichoterapijos-mokymas.lt\/grup\/wp-json\/wp\/v2\/media?parent=880"}],"wp:term":[{"taxonomy":"category","embeddable":true,"href":"https:\/\/www.psichoterapijos-mokymas.lt\/grup\/wp-json\/wp\/v2\/categories?post=880"},{"taxonomy":"post_tag","embeddable":true,"href":"https:\/\/www.psichoterapijos-mokymas.lt\/grup\/wp-json\/wp\/v2\/tags?post=880"}],"curies":[{"name":"wp","href":"https:\/\/api.w.org\/{rel}","templated":true}]}}